{"id":2510,"date":"2022-09-03T17:27:51","date_gmt":"2022-09-03T15:27:51","guid":{"rendered":"https:\/\/fce-vvb.be\/?p=2510"},"modified":"2022-09-16T17:30:34","modified_gmt":"2022-09-16T15:30:34","slug":"evenement-de-la-rentree-a-bruxelles-portrait-of-a-lady","status":"publish","type":"post","link":"https:\/\/fce-vvb.be\/index.php\/2022\/09\/03\/evenement-de-la-rentree-a-bruxelles-portrait-of-a-lady\/","title":{"rendered":"Ev\u00e9nement de la rentr\u00e9e \u00e0 Bruxelles \u00ab\u00a0Portrait of a Lady &lsquo;"},"content":{"rendered":"<p>\ud83d\ude4b\u200d\u2640\ufe0f 1er \u00c9v\u00e9nement de la rentr\u00e9e \u00e0 Bruxelles. Un vrai succ\u00e8s ! Visite de l'exposition \" Portrait of a Lady \" dans la superbe <a class=\"ql-mention\" spellcheck=\"false\" href=\"https:\/\/www.linkedin.com\/company\/33269855\/admin\/#\" data-entity-urn=\"urn:li:fs_miniCompany:18429144\" data-guid=\"13\" data-object-urn=\"urn:li:company:18429144\" data-original-text=\"Villa Empain - Fondation Boghossian\">Villa Empain - Fondation Boghossian<\/a> suivie d'un d\u00eener succulent au <strong class=\"ql-hashtag\">#Chalet_Robinson<\/strong> au Bois de la Cambre. En pr\u00e9sence de la Vice-Pr\u00e9sidente Bruxelles <a class=\"ql-mention\" spellcheck=\"false\" href=\"https:\/\/www.linkedin.com\/company\/33269855\/admin\/#\" data-entity-urn=\"urn:li:fs_miniProfile:ACoAAAAP4VsBvJrK-o3AGWZKtqhc3N6kG0cwIAw\" data-guid=\"14\" data-object-urn=\"urn:li:member:1040731\" data-original-text=\"Katia Delfin Diaz\">Katia Delfin Diaz<\/a>, <a class=\"ql-mention\" spellcheck=\"false\" href=\"https:\/\/www.linkedin.com\/company\/33269855\/admin\/#\" data-entity-urn=\"urn:li:fs_miniProfile:ACoAAABBYFUBoOQBM9EC4WXcdgt_8uNWJRNA60A\" data-guid=\"15\" data-object-urn=\"urn:li:member:4284501\" data-original-text=\"B\u00e9atrice Delfin-Diaz\">B\u00e9atrice Delfin-Diaz<\/a>, Pr\u00e9sidente nationale et <a class=\"ql-mention\" spellcheck=\"false\" href=\"https:\/\/www.linkedin.com\/company\/33269855\/admin\/#\" data-entity-urn=\"urn:li:fs_miniProfile:ACoAAAHVslgBIiEL0RWwXibmKVtkbuIHEfLfN38\" data-guid=\"16\" data-object-urn=\"urn:li:member:30782040\" data-original-text=\"Isabelle Wats\">Isabelle Wats<\/a>, Presidente de Namur. De beaux \u00e9changes entre femmes exceptionnelles. Une belle \u00e9nergie et superbe ambiance !<\/p>\n<p>Mille mercis \u00e0 <a class=\"ql-mention\" spellcheck=\"false\" href=\"https:\/\/www.linkedin.com\/company\/33269855\/admin\/#\" data-entity-urn=\"urn:li:fs_miniProfile:ACoAACow1owB0lXszJBJum932lltFCOsQQPLAOY\" data-guid=\"17\" data-object-urn=\"urn:li:member:707843724\" data-original-text=\"Marie-Jo\u00eblle Goffioul\">Marie-Jo\u00eblle Goffioul<\/a> et <a class=\"ql-mention\" spellcheck=\"false\" href=\"https:\/\/www.linkedin.com\/company\/33269855\/admin\/#\" data-entity-urn=\"urn:li:fs_miniProfile:ACoAAAWnRC4Bnc0IVbFOZGc8zz7Q51mIiTTNB6E\" data-guid=\"18\" data-object-urn=\"urn:li:member:94848046\" data-original-text=\"Lorraine le Pomellec\">Lorraine le Pomellec<\/a> pour la parfaite organisation de ce bel \u00e9v\u00e9nement de la rentr\u00e9e ! Et merci \u00e0 toutes pour votre pr\u00e9sence !<\/p>\n","protected":false},"excerpt":{"rendered":"<p>\ud83d\ude4b\u200d\u2640\ufe0f 1er \u00c9v\u00e9nement de la rentr\u00e9e \u00e0 Bruxelles. Un vrai succ\u00e8s ! Visite de l&rsquo;exposition \u00a0\u00bb Portrait of a Lady \u00a0\u00bb dans la superbe Villa Empain &#8211; Fondation Boghossian suivie d&rsquo;un d\u00eener succulent au #Chalet_Robinson au Bois de la Cambre. En pr\u00e9sence de la Vice-Pr\u00e9sidente Bruxelles Katia Delfin Diaz, B\u00e9atrice Delfin-Diaz, Pr\u00e9sidente nationale et Isabelle  [&#8230;]<\/p>\n","protected":false},"author":5,"featured_media":2503,"comment_status":"open","ping_status":"open","sticky":false,"template":"","format":"standard","meta":{"footnotes":""},"categories":[9],"tags":[],"class_list":["post-2510","post","type-post","status-publish","format-standard","has-post-thumbnail","hentry","category-news"],"jetpack_featured_media_url":"https:\/\/fce-vvb.be\/wp-content\/uploads\/2021\/06\/Banner-1-Event-Bxl-09-2022-final.png","_links":{"self":[{"href":"https:\/\/fce-vvb.be\/index.php\/wp-json\/wp\/v2\/posts\/2510","targetHints":{"allow":["GET"]}}],"collection":[{"href":"https:\/\/fce-vvb.be\/index.php\/wp-json\/wp\/v2\/posts"}],"about":[{"href":"https:\/\/fce-vvb.be\/index.php\/wp-json\/wp\/v2\/types\/post"}],"author":[{"embeddable":true,"href":"https:\/\/fce-vvb.be\/index.php\/wp-json\/wp\/v2\/users\/5"}],"replies":[{"embeddable":true,"href":"https:\/\/fce-vvb.be\/index.php\/wp-json\/wp\/v2\/comments?post=2510"}],"version-history":[{"count":1,"href":"https:\/\/fce-vvb.be\/index.php\/wp-json\/wp\/v2\/posts\/2510\/revisions"}],"predecessor-version":[{"id":2511,"href":"https:\/\/fce-vvb.be\/index.php\/wp-json\/wp\/v2\/posts\/2510\/revisions\/2511"}],"wp:featuredmedia":[{"embeddable":true,"href":"https:\/\/fce-vvb.be\/index.php\/wp-json\/wp\/v2\/media\/2503"}],"wp:attachment":[{"href":"https:\/\/fce-vvb.be\/index.php\/wp-json\/wp\/v2\/media?parent=2510"}],"wp:term":[{"taxonomy":"category","embeddable":true,"href":"https:\/\/fce-vvb.be\/index.php\/wp-json\/wp\/v2\/categories?post=2510"},{"taxonomy":"post_tag","embeddable":true,"href":"https:\/\/fce-vvb.be\/index.php\/wp-json\/wp\/v2\/tags?post=2510"}],"curies":[{"name":"wp","href":"https:\/\/api.w.org\/{rel}","templated":true}]}}