{"id":2518,"date":"2022-05-10T17:41:07","date_gmt":"2022-05-10T15:41:07","guid":{"rendered":"https:\/\/fce-vvb.be\/?p=2518"},"modified":"2022-09-16T17:45:07","modified_gmt":"2022-09-16T15:45:07","slug":"annual-gala-on-intelligence-artificial","status":"publish","type":"post","link":"https:\/\/fce-vvb.be\/index.php\/2022\/05\/10\/annual-gala-on-intelligence-artificial\/","title":{"rendered":"Annual Gala on intelligence artificial"},"content":{"rendered":"<p>\u2728 ANNUAL GALA FCE-VVB Belgium \u2728<\/p>\n<p>C'\u00e9tait vendredi dernier, notre rendez-vous annuel incontournable pour nos membres plac\u00e9 sous le signe de l'intelligence artificielle.<\/p>\n<p>Monsieur le Ministre <a class=\"ql-mention\" spellcheck=\"false\" href=\"https:\/\/www.linkedin.com\/company\/33269855\/admin\/#\" data-entity-urn=\"urn:li:fs_miniProfile:ACoAAADn7m0BFmorStWsNcCOFP0tfAsHMwaK4wA\" data-guid=\"29\" data-object-urn=\"urn:li:member:15199853\" data-original-text=\"David Clarinval\">David Clarinval<\/a> et <a class=\"ql-mention\" spellcheck=\"false\" href=\"https:\/\/www.linkedin.com\/company\/33269855\/admin\/#\" data-entity-urn=\"urn:li:fs_miniProfile:ACoAAABBYFUBoOQBM9EC4WXcdgt_8uNWJRNA60A\" data-guid=\"30\" data-object-urn=\"urn:li:member:4284501\" data-original-text=\"B\u00e9atrice Delfin-Diaz\">B\u00e9atrice Delfin-Diaz<\/a>, pr\u00e9sidente FCE-VVB ainsi que <a class=\"ql-mention\" spellcheck=\"false\" href=\"https:\/\/www.linkedin.com\/company\/33269855\/admin\/#\" data-entity-urn=\"urn:li:fs_miniProfile:ACoAAAWvpYYBCwb9DzrxJxGzVdyZSRyBKpzu_PA\" data-guid=\"31\" data-object-urn=\"urn:li:member:95397254\" data-original-text=\"Ulrike Glos\">Ulrike Glos<\/a>, VP Flandres ont ouvert la c\u00e9r\u00e9monie.<\/p>\n<p>Un panel d'experts extraordaire compos\u00e9 de <a class=\"ql-mention\" spellcheck=\"false\" href=\"https:\/\/www.linkedin.com\/company\/33269855\/admin\/#\" data-entity-urn=\"urn:li:fs_miniProfile:ACoAADLWZQABgY6cq7IOXjNv3QZbQU2_Q9oWyjI\" data-guid=\"32\" data-object-urn=\"urn:li:member:852911360\" data-original-text=\"Mathieu MICHEL\">Mathieu MICHEL<\/a>, secr\u00e9taire d'Etat, <a class=\"ql-mention\" spellcheck=\"false\" href=\"https:\/\/www.linkedin.com\/company\/33269855\/admin\/#\" data-entity-urn=\"urn:li:fs_miniProfile:ACoAAAAOhCYBcLLvxMapcSBin5kDM6IE5iuki-4\" data-guid=\"33\" data-object-urn=\"urn:li:member:951334\" data-original-text=\"Mieke Geertrui De Ketelaere\">Mieke Geertrui De Ketelaere<\/a>, <a class=\"ql-mention\" spellcheck=\"false\" href=\"https:\/\/www.linkedin.com\/company\/33269855\/admin\/#\" data-entity-urn=\"urn:li:fs_miniProfile:ACoAAAXLPUsBvC9grv8xt-DsPmJalhh4J5tWqa0\" data-guid=\"34\" data-object-urn=\"urn:li:member:97205579\" data-original-text=\"Julie Foulon\">Julie Foulon<\/a> et <a class=\"ql-mention\" spellcheck=\"false\" href=\"https:\/\/www.linkedin.com\/company\/33269855\/admin\/#\" data-entity-urn=\"urn:li:fs_miniProfile:ACoAAAAE084BPpV5ASvmfeCgSJNTnJ4KGtLIVD8\" data-guid=\"35\" data-object-urn=\"urn:li:member:316366\" data-original-text=\"Marc Toledo\">Marc Toledo<\/a> se sont exprim\u00e9s \u00e0 ce sujet, le tout orchestr\u00e9 de mains de ma\u00eetre par <a class=\"ql-mention\" spellcheck=\"false\" href=\"https:\/\/www.linkedin.com\/company\/33269855\/admin\/#\" data-entity-urn=\"urn:li:fs_miniProfile:ACoAAAC8YnkBF1dfHGPpcOwGTMSQ1gX44lAk3ls\" data-guid=\"36\" data-object-urn=\"urn:li:member:12345977\" data-original-text=\"Suyin Aerts\">Suyin Aerts<\/a>. Inspirer la future g\u00e9n\u00e9ration et les femmes \u00e0 prendre la voie des <strong class=\"ql-hashtag\">#STEAM<\/strong> est \u00e9galement l'un des enjeux de la soci\u00e9t\u00e9 auquel les FCE souhaite contribuer.<\/p>\n<p>Merci aux Vice-Pr\u00e9sidente, \u00e0 notre Secr\u00e9taire G\u00e9n\u00e9rale et Pr\u00e9sidentes de r\u00e9gion pour leur pr\u00e9sence et dynamisme <a class=\"ql-mention\" spellcheck=\"false\" href=\"https:\/\/www.linkedin.com\/company\/33269855\/admin\/#\" data-entity-urn=\"urn:li:fs_miniProfile:ACoAAAAP4VsBvJrK-o3AGWZKtqhc3N6kG0cwIAw\" data-guid=\"37\" data-object-urn=\"urn:li:member:1040731\" data-original-text=\"Katia Delfin Diaz\">Katia Delfin Diaz<\/a> <a class=\"ql-mention\" spellcheck=\"false\" href=\"https:\/\/www.linkedin.com\/company\/33269855\/admin\/#\" data-entity-urn=\"urn:li:fs_miniProfile:ACoAAABib6sBJp16uwmZuqqQFZfvNnwi9-yOrhI\" data-guid=\"38\" data-object-urn=\"urn:li:member:6451115\" data-original-text=\"Sophie Vanderputten\">Sophie Vanderputten<\/a> <a class=\"ql-mention\" spellcheck=\"false\" href=\"https:\/\/www.linkedin.com\/company\/33269855\/admin\/#\" data-entity-urn=\"urn:li:fs_miniProfile:ACoAAAHVslgBIiEL0RWwXibmKVtkbuIHEfLfN38\" data-guid=\"39\" data-object-urn=\"urn:li:member:30782040\" data-original-text=\"Isabelle Wats\">Isabelle Wats<\/a> <a class=\"ql-mention\" spellcheck=\"false\" href=\"https:\/\/www.linkedin.com\/company\/33269855\/admin\/#\" data-entity-urn=\"urn:li:fs_miniProfile:ACoAAASgt9YBNtz4LD3hRHtr1EgiJta97pAjdo8\" data-guid=\"40\" data-object-urn=\"urn:li:member:77641686\" data-original-text=\"Virginie Delzenne\">Virginie Delzenne<\/a> <a class=\"ql-mention\" spellcheck=\"false\" href=\"https:\/\/www.linkedin.com\/company\/33269855\/admin\/#\" data-entity-urn=\"urn:li:fs_miniProfile:ACoAAAEIPLABMXcHJVl-0QWugfizX5nBmw_-aDI\" data-guid=\"41\" data-object-urn=\"urn:li:member:17317040\" data-original-text=\"Frederique Losseau\">Frederique Losseau<\/a>. Tous les ingr\u00e9dients \u00e9taient r\u00e9unis pour une parfaite soir\u00e9e : convivialit\u00e9, bonne humeur, professionalisme et \u00e9changes de cartes de visite, ... Une soir\u00e9e de networking comme on les aime ! <strong class=\"ql-hashtag\">#sororit\u00e9<\/strong> <strong class=\"ql-hashtag\">#womenempowerment<\/strong> <strong class=\"ql-hashtag\">#IA<\/strong> <strong class=\"ql-hashtag\">#networking<\/strong> <strong class=\"ql-hashtag\">#rolemdoel<\/strong><\/p>\n<p><strong class=\"ql-hashtag\">#Seules<\/strong>, nous sommes invisibles, <strong class=\"ql-hashtag\">#Ensemble<\/strong>, invincibles.<\/p>\n<p>\u2728 JAARLIJKSE GALA FCE-VVB Belgi\u00eb \u2728<\/p>\n<p>Het was afgelopen vrijdag, onze jaarlijkse bijeenkomst voor onze leden geplaatst onder het teken van kunstmatige intelligentie.<\/p>\n<p>De heer Minister David Clarinval en B\u00e9atrice Delfin-Diaz, President FCE-VVB, alsook Ulrike Glos, VP Vlaanderen openden de ceremonie.<\/p>\n<p>Een buitengewoon panel van deskundigen, bestaande uit Mathieu MICHEL, Staat secretaris, Geertrui Mieke De Ketelaere, Julie Foulon en Marc Toledo, voerde het woord over het onderwerp, georkestreerd door Suyin Aerts. De toekomstige generatie en vrouwen inspireren om het pad van <strong class=\"ql-hashtag\">#STEAM<\/strong> te kiezen is ook een van de uitdagingen van de maatschappelijke thema's waaraan de VVB wil bijdragen.<\/p>\n<p>Hartellijk dank aan de vice-voorzitter en de regionale voorzitters voor hun aanwezigheid en dynamiek Katia Delfin Diaz Isabelle Wats Virginie Delzenne Frederique Losseau. Alle ingredi\u00ebnten waren aanwezig voor een perfecte avond : gezelligheid, goed humeur, professionaliteit en uitwisseling van visitekaartjes, ... Een avond van netwerken zoals wij het graag zien!<\/p>\n<p>Merci \u00e0 nos partenaires pour leur soutien \/ Dank aan onze partners voor hun steun <a class=\"ql-mention\" spellcheck=\"false\" href=\"https:\/\/www.linkedin.com\/company\/33269855\/admin\/#\" data-entity-urn=\"urn:li:fs_miniProfile:ACoAAAjZJKoBoIqTL610xnrE-kTyaMv2WYfIfIA\" data-guid=\"42\" data-object-urn=\"urn:li:member:148448426\" data-original-text=\"Vinciane Jocqueau\">Vinciane Jocqueau<\/a> <a class=\"ql-mention\" spellcheck=\"false\" href=\"https:\/\/www.linkedin.com\/company\/33269855\/admin\/#\" data-entity-urn=\"urn:li:fs_miniCompany:2375373\" data-guid=\"43\" data-object-urn=\"urn:li:company:2375373\" data-original-text=\"INTERNATIONAL RECOVER COMPANY - IRC GROUP\">INTERNATIONAL RECOVER COMPANY - IRC GROUP<\/a> <a class=\"ql-mention\" spellcheck=\"false\" href=\"https:\/\/www.linkedin.com\/company\/33269855\/admin\/#\" data-entity-urn=\"urn:li:fs_miniProfile:ACoAAA4QxGoByASkr7UYhwUSUJTkNGEhJ_WetZs\" data-guid=\"44\" data-object-urn=\"urn:li:member:235979882\" data-original-text=\"Julia Stocks\">Julia Stocks<\/a> <a class=\"ql-mention\" spellcheck=\"false\" href=\"https:\/\/www.linkedin.com\/company\/33269855\/admin\/#\" data-entity-urn=\"urn:li:fs_miniCompany:9340182\" data-guid=\"45\" data-object-urn=\"urn:li:company:9340182\" data-original-text=\"advert'HYPE\">advert'HYPE<\/a> <a class=\"ql-mention\" spellcheck=\"false\" href=\"https:\/\/www.linkedin.com\/company\/33269855\/admin\/#\" data-entity-urn=\"urn:li:fs_miniProfile:ACoAAAAP4VsBvJrK-o3AGWZKtqhc3N6kG0cwIAw\" data-guid=\"46\" data-object-urn=\"urn:li:member:1040731\" data-original-text=\"Katia Delfin Diaz\">Katia Delfin Diaz<\/a> <a class=\"ql-mention\" spellcheck=\"false\" href=\"https:\/\/www.linkedin.com\/company\/33269855\/admin\/#\" data-entity-urn=\"urn:li:fs_miniCompany:1968873\" data-guid=\"47\" data-object-urn=\"urn:li:company:1968873\" data-original-text=\"Tax &amp; Legal Academy\">Tax &amp; Legal Academy<\/a> <a class=\"ql-mention\" spellcheck=\"false\" href=\"https:\/\/www.linkedin.com\/company\/33269855\/admin\/#\" data-entity-urn=\"urn:li:fs_miniProfile:ACoAABHa96cB63XUTrjxOTAB38WcWKzwHvIz4Po\" data-guid=\"48\" data-object-urn=\"urn:li:member:299562919\" data-original-text=\"Florence Luycx\">Florence Luycx<\/a> <a class=\"ql-mention\" spellcheck=\"false\" href=\"https:\/\/www.linkedin.com\/company\/33269855\/admin\/#\" data-entity-urn=\"urn:li:fs_miniCompany:9433397\" data-guid=\"49\" data-object-urn=\"urn:li:company:9433397\" data-original-text=\"Mercedes-Benz CAR Avenue\">Mercedes-Benz CAR Avenue<\/a> <a class=\"ql-mention\" spellcheck=\"false\" href=\"https:\/\/www.linkedin.com\/company\/33269855\/admin\/#\" data-entity-urn=\"urn:li:fs_miniProfile:ACoAAAQ7bogBXiLW51BypzUMqo_ZPOsnSQ2T2aE\" data-guid=\"50\" data-object-urn=\"urn:li:member:71003784\" data-original-text=\"Philippe Lawson\">Philippe Lawson<\/a> <a class=\"ql-mention\" spellcheck=\"false\" href=\"https:\/\/www.linkedin.com\/company\/33269855\/admin\/#\" data-entity-urn=\"urn:li:fs_miniCompany:23550448\" data-guid=\"51\" data-object-urn=\"urn:li:company:23550448\" data-original-text=\"INVEST'HISSONS\">INVEST'HISSONS<\/a> <a class=\"ql-mention\" spellcheck=\"false\" href=\"https:\/\/www.linkedin.com\/company\/33269855\/admin\/#\" data-entity-urn=\"urn:li:fs_miniCompany:71569220\" data-guid=\"52\" data-object-urn=\"urn:li:company:71569220\" data-original-text=\"L-Post\">L-Post<\/a> <a class=\"ql-mention\" spellcheck=\"false\" href=\"https:\/\/www.linkedin.com\/company\/33269855\/admin\/#\" data-entity-urn=\"urn:li:fs_miniProfile:ACoAAAWvpYYBCwb9DzrxJxGzVdyZSRyBKpzu_PA\" data-guid=\"53\" data-object-urn=\"urn:li:member:95397254\" data-original-text=\"Ulrike Glos\">Ulrike Glos<\/a> <a class=\"ql-mention\" spellcheck=\"false\" href=\"https:\/\/www.linkedin.com\/company\/33269855\/admin\/#\" data-entity-urn=\"urn:li:fs_miniProfile:ACoAAARZ8BwBaWVXiEOlkcmPRHxJlaw4ED3ZStw\" data-guid=\"54\" data-object-urn=\"urn:li:member:73003036\" data-original-text=\"Lo\u00efc Helleputte\">Lo\u00efc Helleputte<\/a> <a class=\"ql-mention\" spellcheck=\"false\" href=\"https:\/\/www.linkedin.com\/company\/33269855\/admin\/#\" data-entity-urn=\"urn:li:fs_miniProfile:ACoAACow1owB0lXszJBJum932lltFCOsQQPLAOY\" data-guid=\"55\" data-object-urn=\"urn:li:member:707843724\" data-original-text=\"Marie-Jo\u00eblle Goffioul - Biotraduction\">Marie-Jo\u00eblle Goffioul - Biotraduction<\/a> <a class=\"ql-mention\" spellcheck=\"false\" href=\"https:\/\/www.linkedin.com\/company\/33269855\/admin\/#\" data-entity-urn=\"urn:li:fs_miniCompany:35540329\" data-guid=\"56\" data-object-urn=\"urn:li:company:35540329\" data-original-text=\"Belga Translations\">Belga Translations<\/a> Photos <a class=\"ql-mention\" spellcheck=\"false\" href=\"https:\/\/www.linkedin.com\/company\/33269855\/admin\/#\" data-entity-urn=\"urn:li:fs_miniProfile:ACoAAAODJ08Bj1KQwZjMiHnaXLjaMtQSp5bVsPA\" data-guid=\"57\" data-object-urn=\"urn:li:member:58926927\" data-original-text=\"Aurore Delsoir\">Aurore Delsoir<\/a>, membre FCE<\/p>\n","protected":false},"excerpt":{"rendered":"<p>\u2728 ANNUAL GALA FCE-VVB Belgium \u2728 C&rsquo;\u00e9tait vendredi dernier, notre rendez-vous annuel incontournable pour nos membres plac\u00e9 sous le signe de l&rsquo;intelligence artificielle. Monsieur le Ministre David Clarinval et B\u00e9atrice Delfin-Diaz, pr\u00e9sidente FCE-VVB ainsi que Ulrike Glos, VP Flandres ont ouvert la c\u00e9r\u00e9monie. Un panel d&rsquo;experts extraordaire compos\u00e9 de Mathieu MICHEL, secr\u00e9taire d&rsquo;Etat, Mieke Geertrui  [&#8230;]<\/p>\n","protected":false},"author":5,"featured_media":2519,"comment_status":"open","ping_status":"open","sticky":false,"template":"","format":"standard","meta":{"footnotes":""},"categories":[9],"tags":[],"class_list":["post-2518","post","type-post","status-publish","format-standard","has-post-thumbnail","hentry","category-news"],"jetpack_featured_media_url":"https:\/\/fce-vvb.be\/wp-content\/uploads\/2022\/09\/0pic.jpg","_links":{"self":[{"href":"https:\/\/fce-vvb.be\/index.php\/wp-json\/wp\/v2\/posts\/2518","targetHints":{"allow":["GET"]}}],"collection":[{"href":"https:\/\/fce-vvb.be\/index.php\/wp-json\/wp\/v2\/posts"}],"about":[{"href":"https:\/\/fce-vvb.be\/index.php\/wp-json\/wp\/v2\/types\/post"}],"author":[{"embeddable":true,"href":"https:\/\/fce-vvb.be\/index.php\/wp-json\/wp\/v2\/users\/5"}],"replies":[{"embeddable":true,"href":"https:\/\/fce-vvb.be\/index.php\/wp-json\/wp\/v2\/comments?post=2518"}],"version-history":[{"count":3,"href":"https:\/\/fce-vvb.be\/index.php\/wp-json\/wp\/v2\/posts\/2518\/revisions"}],"predecessor-version":[{"id":2523,"href":"https:\/\/fce-vvb.be\/index.php\/wp-json\/wp\/v2\/posts\/2518\/revisions\/2523"}],"wp:featuredmedia":[{"embeddable":true,"href":"https:\/\/fce-vvb.be\/index.php\/wp-json\/wp\/v2\/media\/2519"}],"wp:attachment":[{"href":"https:\/\/fce-vvb.be\/index.php\/wp-json\/wp\/v2\/media?parent=2518"}],"wp:term":[{"taxonomy":"category","embeddable":true,"href":"https:\/\/fce-vvb.be\/index.php\/wp-json\/wp\/v2\/categories?post=2518"},{"taxonomy":"post_tag","embeddable":true,"href":"https:\/\/fce-vvb.be\/index.php\/wp-json\/wp\/v2\/tags?post=2518"}],"curies":[{"name":"wp","href":"https:\/\/api.w.org\/{rel}","templated":true}]}}