{"id":2524,"date":"2022-05-18T17:45:54","date_gmt":"2022-05-18T15:45:54","guid":{"rendered":"https:\/\/fce-vvb.be\/?p=2524"},"modified":"2022-09-16T17:49:30","modified_gmt":"2022-09-16T15:49:30","slug":"inspirer-les-jeunes-et-booster-leur-ambition","status":"publish","type":"post","link":"https:\/\/fce-vvb.be\/index.php\/2022\/05\/18\/inspirer-les-jeunes-et-booster-leur-ambition\/","title":{"rendered":"Inspirer les jeunes et booster leur ambition"},"content":{"rendered":"<p><a class=\"ql-mention\" spellcheck=\"false\" href=\"https:\/\/www.linkedin.com\/company\/33269855\/admin\/#\" data-entity-urn=\"urn:li:fs_miniProfile:ACoAAABBYFUBoOQBM9EC4WXcdgt_8uNWJRNA60A\" data-guid=\"58\" data-object-urn=\"urn:li:member:4284501\" data-original-text=\"B\u00e9atrice Delfin-Diaz\">B\u00e9atrice Delfin-Diaz<\/a>, Pr\u00e9sidente FCE-VVB, co-fondatrice de la <a class=\"ql-mention\" spellcheck=\"false\" href=\"https:\/\/www.linkedin.com\/company\/33269855\/admin\/#\" data-entity-urn=\"urn:li:fs_miniCompany:1968873\" data-guid=\"59\" data-object-urn=\"urn:li:company:1968873\" data-original-text=\"Tax &amp; Legal Academy\">Tax &amp; Legal Academy<\/a> et Compliance Director EU chez <a class=\"ql-mention\" spellcheck=\"false\" href=\"https:\/\/www.linkedin.com\/company\/33269855\/admin\/#\" data-entity-urn=\"urn:li:fs_miniCompany:3233940\" data-guid=\"60\" data-object-urn=\"urn:li:company:3233940\" data-original-text=\"OmniVAT Consulting\">OmniVAT Consulting<\/a> \u00e9tait l'invit\u00e9e de <a class=\"ql-mention\" spellcheck=\"false\" href=\"https:\/\/www.linkedin.com\/company\/33269855\/admin\/#\" data-entity-urn=\"urn:li:fs_miniCompany:66918909\" data-guid=\"61\" data-object-urn=\"urn:li:company:66918909\" data-original-text=\"Missaly\">Missaly<\/a>. Elle a expliqu\u00e9 son parcours \u00e9clectique de self-made woman, l'accessibilit\u00e9 \u00e0 l'emploi \u00e9galitaire h\/f (briser le plafond de verre pour les femmes), et le m\u00e9tier de comptable et de fiscaliste \u00e0 des \u00e9l\u00e8ves d'une classe de sciences dans le secondaire.<\/p>\n<p>L'objectif \u00e9tait de booster l'ambition de ces jeunes \u00e0 aller le plus loin possible dans leurs \u00e9tudes pour se pr\u00e9parer au monde de l'emploi. Prendre en charge leur futur en ayant d\u00e9j\u00e0 un bon bagage scolaire et l'importance aussi d'acqu\u00e9rir un savoir et des comp\u00e9tences. La motivation, la d\u00e9termination et la pers\u00e9v\u00e9rance sont des cl\u00e9s importantes de la r\u00e9ussite professionnelle.<\/p>\n<p>Merci \u00e0 <a class=\"ql-mention\" spellcheck=\"false\" href=\"https:\/\/www.linkedin.com\/company\/33269855\/admin\/#\" data-entity-urn=\"urn:li:fs_miniProfile:ACoAACYF97wByWx6ZetyiMKqPG3CCmZVI_3HmbY\" data-guid=\"62\" data-object-urn=\"urn:li:member:637925308\" data-original-text=\"Majdoulyne Nabhan\">Majdoulyne Nabhan<\/a> pour cette belle initiative.<\/p>\n<p><strong class=\"ql-hashtag\">#jeune<\/strong> <strong class=\"ql-hashtag\">#\u00e9ducation<\/strong> <strong class=\"ql-hashtag\">#futureg\u00e9n\u00e9ration<\/strong> <strong class=\"ql-hashtag\">#rolemodel<\/strong> <strong class=\"ql-hashtag\">#emploi<\/strong> <strong class=\"ql-hashtag\">#formation<\/strong><\/p>\n","protected":false},"excerpt":{"rendered":"<p>B\u00e9atrice Delfin-Diaz, Pr\u00e9sidente FCE-VVB, co-fondatrice de la Tax &amp; Legal Academy et Compliance Director EU chez OmniVAT Consulting \u00e9tait l&rsquo;invit\u00e9e de Missaly. Elle a expliqu\u00e9 son parcours \u00e9clectique de self-made woman, l&rsquo;accessibilit\u00e9 \u00e0 l&#8217;emploi \u00e9galitaire h\/f (briser le plafond de verre pour les femmes), et le m\u00e9tier de comptable et de fiscaliste \u00e0 des \u00e9l\u00e8ves  [&#8230;]<\/p>\n","protected":false},"author":5,"featured_media":2525,"comment_status":"open","ping_status":"open","sticky":false,"template":"","format":"standard","meta":{"footnotes":""},"categories":[9],"tags":[],"class_list":["post-2524","post","type-post","status-publish","format-standard","has-post-thumbnail","hentry","category-news"],"jetpack_featured_media_url":"https:\/\/fce-vvb.be\/wp-content\/uploads\/2022\/09\/Myssaly-Inspiring-model-school.png","_links":{"self":[{"href":"https:\/\/fce-vvb.be\/index.php\/wp-json\/wp\/v2\/posts\/2524","targetHints":{"allow":["GET"]}}],"collection":[{"href":"https:\/\/fce-vvb.be\/index.php\/wp-json\/wp\/v2\/posts"}],"about":[{"href":"https:\/\/fce-vvb.be\/index.php\/wp-json\/wp\/v2\/types\/post"}],"author":[{"embeddable":true,"href":"https:\/\/fce-vvb.be\/index.php\/wp-json\/wp\/v2\/users\/5"}],"replies":[{"embeddable":true,"href":"https:\/\/fce-vvb.be\/index.php\/wp-json\/wp\/v2\/comments?post=2524"}],"version-history":[{"count":1,"href":"https:\/\/fce-vvb.be\/index.php\/wp-json\/wp\/v2\/posts\/2524\/revisions"}],"predecessor-version":[{"id":2526,"href":"https:\/\/fce-vvb.be\/index.php\/wp-json\/wp\/v2\/posts\/2524\/revisions\/2526"}],"wp:featuredmedia":[{"embeddable":true,"href":"https:\/\/fce-vvb.be\/index.php\/wp-json\/wp\/v2\/media\/2525"}],"wp:attachment":[{"href":"https:\/\/fce-vvb.be\/index.php\/wp-json\/wp\/v2\/media?parent=2524"}],"wp:term":[{"taxonomy":"category","embeddable":true,"href":"https:\/\/fce-vvb.be\/index.php\/wp-json\/wp\/v2\/categories?post=2524"},{"taxonomy":"post_tag","embeddable":true,"href":"https:\/\/fce-vvb.be\/index.php\/wp-json\/wp\/v2\/tags?post=2524"}],"curies":[{"name":"wp","href":"https:\/\/api.w.org\/{rel}","templated":true}]}}