{"id":2629,"date":"2022-11-10T13:10:05","date_gmt":"2022-11-10T12:10:05","guid":{"rendered":"https:\/\/fce-vvb.be\/?p=2629"},"modified":"2023-07-13T13:29:54","modified_gmt":"2023-07-13T11:29:54","slug":"evenement-de-la-rentree-a-bruxelles-portrait-of-a-lady-2","status":"publish","type":"post","link":"https:\/\/fce-vvb.be\/index.php\/2022\/11\/10\/evenement-de-la-rentree-a-bruxelles-portrait-of-a-lady-2\/","title":{"rendered":"D\u00e9l\u00e9gation belge au Congr\u00e8s Mondial des FCEM"},"content":{"rendered":"<p>Pr\u00e8s de 15 membres de FCE Belgique ont particip\u00e9 au Congr\u00e8s Mondial des Femmes Chefs d'Entreprises mondiales FCEM \u00e0 Marrakech o\u00f9 pr\u00e8s 400 femmes venant des 4 coins du monde se sont r\u00e9unies. Le th\u00e8me principal \u00e9tait \"La croissance durable\" et la place importante et le r\u00f4le des femmes dans cette croissance. Notre pr\u00e9sidente B\u00e9atrice Delfin Diaz a pr\u00e9sente le plan d'actions de la Belgique lors du Comit\u00e9 de pilotage et de la r\u00e9union des pr\u00e9sidentes nationales. Last but not least, notre membre L\u00e9onor Lupi a remport\u00e9 le prix de l'\u00e9loquence. Bravo \u00e0 toutes ces femmes qui font briller la Belgique lors de ce congr\u00e8s.<\/p>\n","protected":false},"excerpt":{"rendered":"<p>Pr\u00e8s de 15 membres de FCE Belgique ont particip\u00e9 au Congr\u00e8s Mondial des Femmes Chefs d&rsquo;Entreprises mondiales FCEM \u00e0 Marrakech o\u00f9 pr\u00e8s 400 femmes venant des 4 coins du monde se sont r\u00e9unies. Le th\u00e8me principal \u00e9tait \u00ab\u00a0La croissance durable\u00a0\u00bb et la place importante et le r\u00f4le des femmes dans cette croissance. Notre pr\u00e9sidente B\u00e9atrice  [&#8230;]<\/p>\n","protected":false},"author":5,"featured_media":2640,"comment_status":"open","ping_status":"open","sticky":false,"template":"","format":"standard","meta":{"footnotes":""},"categories":[9],"tags":[],"class_list":["post-2629","post","type-post","status-publish","format-standard","has-post-thumbnail","hentry","category-news"],"jetpack_featured_media_url":"https:\/\/fce-vvb.be\/wp-content\/uploads\/2023\/07\/Leonor.png","_links":{"self":[{"href":"https:\/\/fce-vvb.be\/index.php\/wp-json\/wp\/v2\/posts\/2629","targetHints":{"allow":["GET"]}}],"collection":[{"href":"https:\/\/fce-vvb.be\/index.php\/wp-json\/wp\/v2\/posts"}],"about":[{"href":"https:\/\/fce-vvb.be\/index.php\/wp-json\/wp\/v2\/types\/post"}],"author":[{"embeddable":true,"href":"https:\/\/fce-vvb.be\/index.php\/wp-json\/wp\/v2\/users\/5"}],"replies":[{"embeddable":true,"href":"https:\/\/fce-vvb.be\/index.php\/wp-json\/wp\/v2\/comments?post=2629"}],"version-history":[{"count":4,"href":"https:\/\/fce-vvb.be\/index.php\/wp-json\/wp\/v2\/posts\/2629\/revisions"}],"predecessor-version":[{"id":2641,"href":"https:\/\/fce-vvb.be\/index.php\/wp-json\/wp\/v2\/posts\/2629\/revisions\/2641"}],"wp:featuredmedia":[{"embeddable":true,"href":"https:\/\/fce-vvb.be\/index.php\/wp-json\/wp\/v2\/media\/2640"}],"wp:attachment":[{"href":"https:\/\/fce-vvb.be\/index.php\/wp-json\/wp\/v2\/media?parent=2629"}],"wp:term":[{"taxonomy":"category","embeddable":true,"href":"https:\/\/fce-vvb.be\/index.php\/wp-json\/wp\/v2\/categories?post=2629"},{"taxonomy":"post_tag","embeddable":true,"href":"https:\/\/fce-vvb.be\/index.php\/wp-json\/wp\/v2\/tags?post=2629"}],"curies":[{"name":"wp","href":"https:\/\/api.w.org\/{rel}","templated":true}]}}