{"id":2648,"date":"2023-03-10T08:00:43","date_gmt":"2023-03-10T07:00:43","guid":{"rendered":"https:\/\/fce-vvb.be\/?p=2648"},"modified":"2023-07-13T13:43:54","modified_gmt":"2023-07-13T11:43:54","slug":"journee-internationale-des-droits-de-femmes","status":"publish","type":"post","link":"https:\/\/fce-vvb.be\/index.php\/2023\/03\/10\/journee-internationale-des-droits-de-femmes\/","title":{"rendered":"Journ\u00e9e Internationale des Droits de Femmes"},"content":{"rendered":"<p>A l'occasion de la journ\u00e9e internationale des Droits de Femmes, notre pr\u00e9sidente B\u00e9atrice Delfin Diaz, accompagn\u00e9e de la Vice Pr\u00e9sidente Flanders, Ulrike Glos, la CFO, Katia Delfin Diaz et Val\u00e9rie Zapico, membre et fondatrice de Valkuren, ont particip\u00e9 \u00e0 la conf\u00e9rence organis\u00e9e conjointement avec le Cercle du Lac. Mots d'accueil pour Sylvie Wodon, Directrice G\u00e9n\u00e9rale et B\u00e9atrice Delfin Diaz. Conf\u00e9rence anim\u00e9e par notre pr\u00e9sidente sur le th\u00e8me des freins et opportunit\u00e9s des femmes dans le milieu \u00e9conomique. <\/p>\n","protected":false},"excerpt":{"rendered":"<p>A l&rsquo;occasion de la journ\u00e9e internationale des Droits de Femmes, notre pr\u00e9sidente B\u00e9atrice Delfin Diaz, accompagn\u00e9e de la Vice Pr\u00e9sidente Flanders, Ulrike Glos, la CFO, Katia Delfin Diaz et Val\u00e9rie Zapico, membre et fondatrice de Valkuren, ont particip\u00e9 \u00e0 la conf\u00e9rence organis\u00e9e conjointement avec le Cercle du Lac. Mots d&rsquo;accueil pour Sylvie Wodon, Directrice G\u00e9n\u00e9rale  [&#8230;]<\/p>\n","protected":false},"author":5,"featured_media":2649,"comment_status":"open","ping_status":"open","sticky":false,"template":"","format":"standard","meta":{"footnotes":""},"categories":[9],"tags":[],"class_list":["post-2648","post","type-post","status-publish","format-standard","has-post-thumbnail","hentry","category-news"],"jetpack_featured_media_url":"https:\/\/fce-vvb.be\/wp-content\/uploads\/2023\/07\/Banner-Cercle-du-Lac-2.png","_links":{"self":[{"href":"https:\/\/fce-vvb.be\/index.php\/wp-json\/wp\/v2\/posts\/2648","targetHints":{"allow":["GET"]}}],"collection":[{"href":"https:\/\/fce-vvb.be\/index.php\/wp-json\/wp\/v2\/posts"}],"about":[{"href":"https:\/\/fce-vvb.be\/index.php\/wp-json\/wp\/v2\/types\/post"}],"author":[{"embeddable":true,"href":"https:\/\/fce-vvb.be\/index.php\/wp-json\/wp\/v2\/users\/5"}],"replies":[{"embeddable":true,"href":"https:\/\/fce-vvb.be\/index.php\/wp-json\/wp\/v2\/comments?post=2648"}],"version-history":[{"count":1,"href":"https:\/\/fce-vvb.be\/index.php\/wp-json\/wp\/v2\/posts\/2648\/revisions"}],"predecessor-version":[{"id":2651,"href":"https:\/\/fce-vvb.be\/index.php\/wp-json\/wp\/v2\/posts\/2648\/revisions\/2651"}],"wp:featuredmedia":[{"embeddable":true,"href":"https:\/\/fce-vvb.be\/index.php\/wp-json\/wp\/v2\/media\/2649"}],"wp:attachment":[{"href":"https:\/\/fce-vvb.be\/index.php\/wp-json\/wp\/v2\/media?parent=2648"}],"wp:term":[{"taxonomy":"category","embeddable":true,"href":"https:\/\/fce-vvb.be\/index.php\/wp-json\/wp\/v2\/categories?post=2648"},{"taxonomy":"post_tag","embeddable":true,"href":"https:\/\/fce-vvb.be\/index.php\/wp-json\/wp\/v2\/tags?post=2648"}],"curies":[{"name":"wp","href":"https:\/\/api.w.org\/{rel}","templated":true}]}}