{"id":2652,"date":"2023-03-14T14:45:24","date_gmt":"2023-03-14T13:45:24","guid":{"rendered":"https:\/\/fce-vvb.be\/?p=2652"},"modified":"2024-01-12T20:12:21","modified_gmt":"2024-01-12T19:12:21","slug":"fce-bruxelles-deux-membres-a-lhonneur","status":"publish","type":"post","link":"https:\/\/fce-vvb.be\/index.php\/2023\/03\/14\/fce-bruxelles-deux-membres-a-lhonneur\/","title":{"rendered":"FCE Bruxelles, deux membres \u00e0 l&rsquo;honneur"},"content":{"rendered":"<p>Le d\u00e9fil\u00e9 haute couture de <strong>D\u00e9bora Velasquez <\/strong>s'est d\u00e9roul\u00e9 dans les bureaux de <strong>Typhanie Afschrit<\/strong>, en mars dernier. Une belle synergie entre membres mises \u00e0 l'honneur o\u00f9 150 personnes se sont r\u00e9unies \u00e0 cet \u00e9v\u00e9nement. Ce f\u00fbt un franc succ\u00e8s. Le prochain d\u00e9fil\u00e9 aura lieu \u00e0 Anvers en juin prochain.<\/p>\n","protected":false},"excerpt":{"rendered":"<p>Le d\u00e9fil\u00e9 haute couture de D\u00e9bora Velasquez s&rsquo;est d\u00e9roul\u00e9 dans les bureaux de Typhanie Afschrit, en mars dernier. Une belle synergie entre membres mises \u00e0 l&rsquo;honneur o\u00f9 150 personnes se sont r\u00e9unies \u00e0 cet \u00e9v\u00e9nement. Ce f\u00fbt un franc succ\u00e8s. Le prochain d\u00e9fil\u00e9 aura lieu \u00e0 Anvers en juin prochain.<\/p>\n","protected":false},"author":5,"featured_media":2654,"comment_status":"open","ping_status":"open","sticky":false,"template":"","format":"standard","meta":{"footnotes":""},"categories":[9],"tags":[],"class_list":["post-2652","post","type-post","status-publish","format-standard","has-post-thumbnail","hentry","category-news"],"jetpack_featured_media_url":"https:\/\/fce-vvb.be\/wp-content\/uploads\/2023\/04\/FCE-17-03-Pic-1.jpg","_links":{"self":[{"href":"https:\/\/fce-vvb.be\/index.php\/wp-json\/wp\/v2\/posts\/2652","targetHints":{"allow":["GET"]}}],"collection":[{"href":"https:\/\/fce-vvb.be\/index.php\/wp-json\/wp\/v2\/posts"}],"about":[{"href":"https:\/\/fce-vvb.be\/index.php\/wp-json\/wp\/v2\/types\/post"}],"author":[{"embeddable":true,"href":"https:\/\/fce-vvb.be\/index.php\/wp-json\/wp\/v2\/users\/5"}],"replies":[{"embeddable":true,"href":"https:\/\/fce-vvb.be\/index.php\/wp-json\/wp\/v2\/comments?post=2652"}],"version-history":[{"count":1,"href":"https:\/\/fce-vvb.be\/index.php\/wp-json\/wp\/v2\/posts\/2652\/revisions"}],"predecessor-version":[{"id":2653,"href":"https:\/\/fce-vvb.be\/index.php\/wp-json\/wp\/v2\/posts\/2652\/revisions\/2653"}],"wp:featuredmedia":[{"embeddable":true,"href":"https:\/\/fce-vvb.be\/index.php\/wp-json\/wp\/v2\/media\/2654"}],"wp:attachment":[{"href":"https:\/\/fce-vvb.be\/index.php\/wp-json\/wp\/v2\/media?parent=2652"}],"wp:term":[{"taxonomy":"category","embeddable":true,"href":"https:\/\/fce-vvb.be\/index.php\/wp-json\/wp\/v2\/categories?post=2652"},{"taxonomy":"post_tag","embeddable":true,"href":"https:\/\/fce-vvb.be\/index.php\/wp-json\/wp\/v2\/tags?post=2652"}],"curies":[{"name":"wp","href":"https:\/\/api.w.org\/{rel}","templated":true}]}}